{"id":10969,"date":"2021-02-03T09:22:26","date_gmt":"2021-02-03T08:22:26","guid":{"rendered":"http:\/\/www.dirkme.de\/familie\/?p=10969"},"modified":"2022-02-10T10:28:24","modified_gmt":"2022-02-10T09:28:24","slug":"brotbacken-corona-lockdown-sauerteig","status":"publish","type":"post","link":"https:\/\/www.dirkme.de\/familie\/index.php\/10969\/2021\/02\/03\/brotbacken-corona-lockdown-sauerteig\/","title":{"rendered":"Brotbacken im Corona Lockdown"},"content":{"rendered":"<p>Im ersten Lockdown hatten wir uns einen Backautomaten zugelegt.<\/p>\n<p>Wir waren so etwas unabh\u00e4ngiger von Eink\u00e4ufen beim B\u00e4cker. Derweil probieren wir verschiedene Rezepte auch ohne Backautomat. Mal K\u00f6rnerbrot, mal Sauerteig mit Backmischung, mal Ciabatta, mal Roggenbrot., &#8230;<img loading=\"lazy\" decoding=\"async\" class=\"alignnone size-full wp-image-10970\" src=\"http:\/\/www.dirkme.de\/familie\/wp-content\/uploads\/2021\/02\/2021-02-03_Brotbacken1.jpg\" alt=\"\" width=\"1280\" height=\"953\" srcset=\"https:\/\/www.dirkme.de\/familie\/wp-content\/uploads\/2021\/02\/2021-02-03_Brotbacken1.jpg 1280w, https:\/\/www.dirkme.de\/familie\/wp-content\/uploads\/2021\/02\/2021-02-03_Brotbacken1-450x335.jpg 450w, https:\/\/www.dirkme.de\/familie\/wp-content\/uploads\/2021\/02\/2021-02-03_Brotbacken1-800x596.jpg 800w, https:\/\/www.dirkme.de\/familie\/wp-content\/uploads\/2021\/02\/2021-02-03_Brotbacken1-768x572.jpg 768w, https:\/\/www.dirkme.de\/familie\/wp-content\/uploads\/2021\/02\/2021-02-03_Brotbacken1-847x631.jpg 847w\" sizes=\"auto, (max-width: 1280px) 100vw, 1280px\" \/><\/p>\n<p>&#8230; mal rund, mal lang und auch mal Semmeln. B\u00e4cker werden wir mit den Ergebnissen noch nicht, aber wir lernen viel.<img loading=\"lazy\" decoding=\"async\" class=\"alignnone size-full wp-image-10977\" src=\"http:\/\/www.dirkme.de\/familie\/wp-content\/uploads\/2021\/02\/2021-02-03_Brotbacken2-1.jpg\" alt=\"\" width=\"1280\" height=\"958\" srcset=\"https:\/\/www.dirkme.de\/familie\/wp-content\/uploads\/2021\/02\/2021-02-03_Brotbacken2-1.jpg 1280w, https:\/\/www.dirkme.de\/familie\/wp-content\/uploads\/2021\/02\/2021-02-03_Brotbacken2-1-450x337.jpg 450w, https:\/\/www.dirkme.de\/familie\/wp-content\/uploads\/2021\/02\/2021-02-03_Brotbacken2-1-800x599.jpg 800w, https:\/\/www.dirkme.de\/familie\/wp-content\/uploads\/2021\/02\/2021-02-03_Brotbacken2-1-768x575.jpg 768w, https:\/\/www.dirkme.de\/familie\/wp-content\/uploads\/2021\/02\/2021-02-03_Brotbacken2-1-847x634.jpg 847w\" sizes=\"auto, (max-width: 1280px) 100vw, 1280px\" \/><\/p>\n<p><img loading=\"lazy\" decoding=\"async\" class=\"alignnone size-full wp-image-10982\" src=\"http:\/\/www.dirkme.de\/familie\/wp-content\/uploads\/2021\/02\/20210207_190050.jpg\" alt=\"\" width=\"1280\" height=\"720\" srcset=\"https:\/\/www.dirkme.de\/familie\/wp-content\/uploads\/2021\/02\/20210207_190050.jpg 1280w, https:\/\/www.dirkme.de\/familie\/wp-content\/uploads\/2021\/02\/20210207_190050-450x253.jpg 450w, https:\/\/www.dirkme.de\/familie\/wp-content\/uploads\/2021\/02\/20210207_190050-800x450.jpg 800w, https:\/\/www.dirkme.de\/familie\/wp-content\/uploads\/2021\/02\/20210207_190050-768x432.jpg 768w, https:\/\/www.dirkme.de\/familie\/wp-content\/uploads\/2021\/02\/20210207_190050-847x476.jpg 847w\" sizes=\"auto, (max-width: 1280px) 100vw, 1280px\" \/><\/p>\n<p>Dinkel-Sauerteig-Roggen mit Leinsam:<img loading=\"lazy\" decoding=\"async\" class=\"alignnone size-full wp-image-11004\" src=\"http:\/\/www.dirkme.de\/familie\/wp-content\/uploads\/2021\/02\/20210209_182729.jpg\" alt=\"\" width=\"1280\" height=\"720\" srcset=\"https:\/\/www.dirkme.de\/familie\/wp-content\/uploads\/2021\/02\/20210209_182729.jpg 1280w, https:\/\/www.dirkme.de\/familie\/wp-content\/uploads\/2021\/02\/20210209_182729-450x253.jpg 450w, https:\/\/www.dirkme.de\/familie\/wp-content\/uploads\/2021\/02\/20210209_182729-800x450.jpg 800w, https:\/\/www.dirkme.de\/familie\/wp-content\/uploads\/2021\/02\/20210209_182729-768x432.jpg 768w, https:\/\/www.dirkme.de\/familie\/wp-content\/uploads\/2021\/02\/20210209_182729-847x476.jpg 847w\" sizes=\"auto, (max-width: 1280px) 100vw, 1280px\" \/><\/p>\n","protected":false},"excerpt":{"rendered":"<p>Brotbacken im Lockdown von Corona. Was war die Motivation, welche Experimente, welche Ergebnisse? Roggen-Teig, Sauerteig, Backmischung?<\/p><p><a class=\"more-link btn\" href=\"https:\/\/www.dirkme.de\/familie\/index.php\/10969\/2021\/02\/03\/brotbacken-corona-lockdown-sauerteig\/\">Weiterlesen<\/a><\/p>\n","protected":false},"author":2,"featured_media":10977,"comment_status":"closed","ping_status":"closed","sticky":false,"template":"","format":"standard","meta":{"footnotes":""},"categories":[84],"tags":[],"class_list":["post-10969","post","type-post","status-publish","format-standard","has-post-thumbnail","hentry","category-elterntagebuch","item-wrap"],"_links":{"self":[{"href":"https:\/\/www.dirkme.de\/familie\/index.php\/wp-json\/wp\/v2\/posts\/10969","targetHints":{"allow":["GET"]}}],"collection":[{"href":"https:\/\/www.dirkme.de\/familie\/index.php\/wp-json\/wp\/v2\/posts"}],"about":[{"href":"https:\/\/www.dirkme.de\/familie\/index.php\/wp-json\/wp\/v2\/types\/post"}],"author":[{"embeddable":true,"href":"https:\/\/www.dirkme.de\/familie\/index.php\/wp-json\/wp\/v2\/users\/2"}],"replies":[{"embeddable":true,"href":"https:\/\/www.dirkme.de\/familie\/index.php\/wp-json\/wp\/v2\/comments?post=10969"}],"version-history":[{"count":11,"href":"https:\/\/www.dirkme.de\/familie\/index.php\/wp-json\/wp\/v2\/posts\/10969\/revisions"}],"predecessor-version":[{"id":11952,"href":"https:\/\/www.dirkme.de\/familie\/index.php\/wp-json\/wp\/v2\/posts\/10969\/revisions\/11952"}],"wp:featuredmedia":[{"embeddable":true,"href":"https:\/\/www.dirkme.de\/familie\/index.php\/wp-json\/wp\/v2\/media\/10977"}],"wp:attachment":[{"href":"https:\/\/www.dirkme.de\/familie\/index.php\/wp-json\/wp\/v2\/media?parent=10969"}],"wp:term":[{"taxonomy":"category","embeddable":true,"href":"https:\/\/www.dirkme.de\/familie\/index.php\/wp-json\/wp\/v2\/categories?post=10969"},{"taxonomy":"post_tag","embeddable":true,"href":"https:\/\/www.dirkme.de\/familie\/index.php\/wp-json\/wp\/v2\/tags?post=10969"}],"curies":[{"name":"wp","href":"https:\/\/api.w.org\/{rel}","templated":true}]}}