{"id":11573,"date":"2021-10-01T12:01:16","date_gmt":"2021-10-01T10:01:16","guid":{"rendered":"https:\/\/www.dirkme.de\/familie\/?p=11573"},"modified":"2026-04-13T14:32:03","modified_gmt":"2026-04-13T12:32:03","slug":"dachsportplatz-muenchen-fussball-ausblick","status":"publish","type":"post","link":"https:\/\/www.dirkme.de\/familie\/index.php\/11573\/2021\/10\/01\/dachsportplatz-muenchen-fussball-ausblick\/","title":{"rendered":"Dachsportplatz M\u00fcnchen &#8211; Fu\u00dfball &#8211; toller Ausblick"},"content":{"rendered":"<p>Mit Sebi\u00a0 ist Jan gut befreundet. Der Neffe hatte letzte Woche Geburtstag und noch eine Reservierung f\u00fcr den Dachsportplatz. So fahren sie zusammen zum Fu\u00dfball zum Kurt-Landauer-Platz.<\/p>\n<p>Auszug aus Wiki:<\/p>\n<p><img loading=\"lazy\" decoding=\"async\" class=\"size-full wp-image-11575 alignleft\" src=\"http:\/\/www.dirkme.de\/familie\/wp-content\/uploads\/2021\/10\/Dachsportplatz_Ansicht_copyright_Antje_Hanebeck-178x300-1.jpg\" alt=\"\" width=\"178\" height=\"300\" \/><\/p>\n<h2>WAS IST DAS &#8220;BELLEVUE DI MONACO&#8221; ?<\/h2>\n<p>Das Bellevue di Monaco ist ein Wohn- und Kulturzentrum f\u00fcr Gefl\u00fcchtete und interessierte M\u00fcnchnerinnen und M\u00fcnchner im Herzen der Stadt.<\/p>\n<p>Mit der offiziellen Er\u00f6ffnung im Juni 2018 war die zweij\u00e4hrige Sanierung mit dem dritten Bauabschnitt weitgehend abgeschlossen. Unsere\u00a0<a href=\"https:\/\/bellevuedimonaco.de\/veranstaltungen\" target=\"_blank\" rel=\"noopener\">Veranstaltungen<\/a>\u00a0und\u00a0<a href=\"http:\/\/facebook.com\/bellevuedimonaco\/posts\" target=\"_blank\" rel=\"noopener\">Aktionen<\/a>, die wir seit April 2016 in provisorisch hergerichteten R\u00e4umen und im Caf\u00e9 durchf\u00fchrten, finden nun in unserem Hinterhaus in den\u00a0<strong>Kulturr\u00e4umen der M\u00fcllerstra\u00dfe 2<\/strong>\u00a0statt. Vielf\u00e4ltige Kulturprogramme wie Theater, kleine Konzerte, Lesungen, Podiumsdiskussionen, sowie intensivere Beratungsangebote, Sprachkurse und Schulungen haben hier nun einen optimalen Rahmen gefunden.<a id=\"geschichte\"><\/a><\/p>\n<p>Unsere T\u00fcr zur Stadt ist\u00a0<a href=\"https:\/\/bellevuedimonaco.de\/cafe\/\" target=\"_blank\" rel=\"noopener\">das offene\u00a0<strong>Infocaf\u00e9<\/strong><\/a><strong>\u00a0an der Ecke M\u00fcller-\/Corneliusstra\u00dfe.<\/strong>\u00a0Der Caf\u00e9betrieb wird gemeinsam mit Fl\u00fcchtlingen organisiert und umgesetzt. Es gibt niedrigschwellige Informations- und Beratungsangebote f\u00fcr Gefl\u00fcchtete, aber auch f\u00fcr alteingesessene M\u00fcnchner*innen, die Hilfe anbieten oder Kontakt suchen.<\/p>\n<p>Im\u00a0<strong>Wohnhaus M\u00fcllerstra\u00dfe 6<\/strong>\u00a0werden auf f\u00fcnf Etagen junge gefl\u00fcchtete Menschen nach der Betreuung durch die Jugendhilfe in ein selbst\u00e4ndiges Leben begleitet. Die Wohndauer f\u00fcr den einzelnen Jugendlichen soll ca. 2 Jahre betragen. Das\u00a0<strong>Wohnhaus M\u00fcllerstra\u00dfe 4<\/strong>\u00a0bietet in sechs Wohnungen Raum f\u00fcr Gefl\u00fcchtete mit besonderem Bedarf, insbesondere f\u00fcr Familien.<\/p>\n<h2>VORGESCHICHTE UND AUSBLICK<\/h2>\n<p>Vor dem Hintergrund der Fl\u00fcchtlingskrise und einer monatelangen Debatte um st\u00e4dtische Leerst\u00e4nde in M\u00fcnchen, entstand im Sommer 2014 ein\u00a0<strong>Aktionsb\u00fcndnis<\/strong>, die das Thema Flucht und Migration von den Sammelunterk\u00fcnften an den Stadtr\u00e4ndern ins Herz der Stadt bringen wollte.<\/p>\n<p>Getragen von der beeindruckenden Stimmung bei den von uns organisierten M\u00fcnchner Massendemonstrationen gegen Pegida um den Jahreswechsel 2014\/2015 herum, gr\u00fcndeten wir im M\u00e4rz 2015\u00a0 eine\u00a0<a href=\"https:\/\/bellevuedimonaco.de\/mitmachen\/\" target=\"_blank\" rel=\"noopener\"><strong>Sozialgenossenschaft<\/strong><\/a>, mit dem Ziel in der Innenstadt ein Unterbringungs- und Kulturzentrum f\u00fcr unbegleitete jugendliche Fl\u00fcchtlinge und interessierte M\u00fcnchner zu etablieren: die\u00a0<strong>Bellevue di Monaco eG<\/strong>.<strong>\u00a0<\/strong><br \/>\nDas eG steht f\u00fcr eine offiziell eingetragene Genossenschaft. Diese au\u00dfergew\u00f6hnliche Organisationsform erlaubt es, das f\u00fcr Renovierung und Umbau n\u00f6tige Grundkapital durch Mitgliedereinlagen aufzustellen und gibt den Mitgliedern gro\u00dfes Mitspracherecht.<\/p>\n<p>Die renovierungsbed\u00fcrftigen Geb\u00e4ude\u00a0<strong>M\u00fcllerstra\u00dfe 2-6<\/strong>\u00a0hatten durch die B\u00fcrgerinitiative zum Erhalt des angrenzenden Bolzplatzes und die\u00a0<a href=\"http:\/\/goldgrund.org\/\" target=\"_blank\" rel=\"noopener\">Goldgrund<\/a>-Gorilla-Renovierungsaktion\u00a0 \u00fcber die Stadtgrenzen hinaus Bekanntheit erlangt.<br \/>\nIm April 2016 verpachtete die Landeshauptstadt M\u00fcnchen die H\u00e4user f\u00fcr die n\u00e4chsten 40 Jahre an die Sozialgenossenschaft\u00a0 \u2013\u00a0 das Projekt konnte beginnen!<\/p>\n<p>Seit dem Abschluss der Sanierung und dem Bezug der letzten Wohnungen im Sommer 2018 bietet das Bellevue etwa 40 Menschen Unterkunft, sowie mit seinen Beratungsangeboten, seinen Veranstaltungsr\u00e4umen und einem gro\u00dfen Kulturprogramm eine zentrale Anlaufstelle zum Thema Flucht und Migration.<\/p>\n<p>Es ist heute wichtiger denn je\u00a0<strong>pragmatisch, unaufgeregt und mitmenschlich<\/strong>\u00a0ein wirkliches Ankommen der Gefl\u00fcchteten bei uns zu erm\u00f6glichen. Das Bellevue di Monaco bietet den Raum daf\u00fcr \u2013 und auch ein\u00a0<strong>Forum f\u00fcr Debatten<\/strong>\u00a0sein, in denen sich die ganze Stadtgesellschaft mit Zukunftsthemen wie Flucht und Migration, Ausgrenzung und Einwanderung, Extremismus und Populismus auseinandersetzt.<\/p>\n<p>F\u00fcr den\u00a0<strong>Betrieb des Projektes<\/strong>\u00a0sind wir laufend dabei, Stiftungsgelder und\u00a0<a href=\"https:\/\/bellevuedimonaco.de\/spenden\/\" target=\"_blank\" rel=\"noopener\">Spenden\u00a0<\/a>einzusammeln, sowie noch mehr B\u00fcrgerinnen und B\u00fcrger davon zu \u00fcberzeugen,\u00a0<a href=\"https:\/\/bellevuedimonaco.de\/mitmachen\/\" target=\"_blank\" rel=\"noopener\">selbst Mitglied bei uns zu werden.<\/a><\/p>\n","protected":false},"excerpt":{"rendered":"<p>Das Bellevue di Monaco bietet den Raum daf\u00fcr \u2013 und auch ein\u00a0Forum f\u00fcr Debatten\u00a0sein, in denen sich die ganze Stadtgesellschaft mit Zukunftsthemen wie Flucht und Migration, Ausgrenzung und Einwanderung, Extremismus und Populismus auseinandersetzt.<\/p><p><a class=\"more-link btn\" href=\"https:\/\/www.dirkme.de\/familie\/index.php\/11573\/2021\/10\/01\/dachsportplatz-muenchen-fussball-ausblick\/\">Weiterlesen<\/a><\/p>\n","protected":false},"author":2,"featured_media":11574,"comment_status":"closed","ping_status":"closed","sticky":false,"template":"","format":"standard","meta":{"footnotes":""},"categories":[116],"tags":[237,23,238],"class_list":["post-11573","post","type-post","status-publish","format-standard","has-post-thumbnail","hentry","category-jan","tag-fussball","tag-35-babyblog-von-jan","tag-sport","item-wrap"],"_links":{"self":[{"href":"https:\/\/www.dirkme.de\/familie\/index.php\/wp-json\/wp\/v2\/posts\/11573","targetHints":{"allow":["GET"]}}],"collection":[{"href":"https:\/\/www.dirkme.de\/familie\/index.php\/wp-json\/wp\/v2\/posts"}],"about":[{"href":"https:\/\/www.dirkme.de\/familie\/index.php\/wp-json\/wp\/v2\/types\/post"}],"author":[{"embeddable":true,"href":"https:\/\/www.dirkme.de\/familie\/index.php\/wp-json\/wp\/v2\/users\/2"}],"replies":[{"embeddable":true,"href":"https:\/\/www.dirkme.de\/familie\/index.php\/wp-json\/wp\/v2\/comments?post=11573"}],"version-history":[{"count":6,"href":"https:\/\/www.dirkme.de\/familie\/index.php\/wp-json\/wp\/v2\/posts\/11573\/revisions"}],"predecessor-version":[{"id":11609,"href":"https:\/\/www.dirkme.de\/familie\/index.php\/wp-json\/wp\/v2\/posts\/11573\/revisions\/11609"}],"wp:featuredmedia":[{"embeddable":true,"href":"https:\/\/www.dirkme.de\/familie\/index.php\/wp-json\/wp\/v2\/media\/11574"}],"wp:attachment":[{"href":"https:\/\/www.dirkme.de\/familie\/index.php\/wp-json\/wp\/v2\/media?parent=11573"}],"wp:term":[{"taxonomy":"category","embeddable":true,"href":"https:\/\/www.dirkme.de\/familie\/index.php\/wp-json\/wp\/v2\/categories?post=11573"},{"taxonomy":"post_tag","embeddable":true,"href":"https:\/\/www.dirkme.de\/familie\/index.php\/wp-json\/wp\/v2\/tags?post=11573"}],"curies":[{"name":"wp","href":"https:\/\/api.w.org\/{rel}","templated":true}]}}